{"id":3291,"date":"2026-02-15T18:44:07","date_gmt":"2026-02-15T17:44:07","guid":{"rendered":"https:\/\/rightsnow.se\/?p=3291"},"modified":"2026-03-23T14:29:50","modified_gmt":"2026-03-23T13:29:50","slug":"farra-utsatt-eller-insatt","status":"publish","type":"post","link":"https:\/\/rightsnow.se\/sv\/farra-utsatt-eller-insatt\/","title":{"rendered":"FARR &#8211; Utsatt eller Insatt?"},"content":{"rendered":"\n<p class=\"has-white-color has-text-color has-link-color wp-elements-b7d3b9762548da2ba6b1dd9dd862ff42\">X<\/p>\n\n\n\n<p>Projektet \u201cUtsatt eller Insatt?\u201d, som beviljades st\u00f6d under 2024, genomf\u00f6rdes av FARR (Flyktinggruppernas riksr\u00e5d) under 2024-2025. Syftet har varit att st\u00e4rka tillg\u00e5ngen till tydlig, korrekt och m\u00e5lgruppsanpassad information f\u00f6r asyls\u00f6kande hbtqi-personer i Sverige, samt f\u00f6r organisationer och personer som m\u00f6ter m\u00e5lgruppen. <\/p>\n\n\n\n<p class=\"has-white-color has-text-color has-link-color wp-elements-b7d3b9762548da2ba6b1dd9dd862ff42\">X<\/p>\n\n\n\n<p>Arbetet har omfattat kartl\u00e4ggning av befintligt r\u00e5dgivningsmaterial, insamling av kunskap genom enk\u00e4ter och dialog med m\u00e5lgruppen, samt utbildningsinsatser och erfarenhetsutbyten med r\u00e5dgivare och civilsamh\u00e4llesorganisationer. Materialet har utvecklats i n\u00e4ra samarbete med sakkunniga och granskats av jurister med s\u00e4rskild kompetens inom asylr\u00e4tt och hbtqi-fr\u00e5gor.<\/p>\n\n\n\n<p class=\"has-white-color has-text-color has-link-color wp-elements-b7d3b9762548da2ba6b1dd9dd862ff42\">X<\/p>\n\n\n\n<p>Projektets huvudsakliga resultat \u00e4r ett digitalt och \u00f6ppet informationsmaterial som ger v\u00e4gledning kring asylprocessen utifr\u00e5n ett hbtqi-perspektiv. Materialet finns tillg\u00e4ngligt via en s\u00e4rskild webbplats och har spridits genom organisationer, n\u00e4tverk och informationsinsatser. Det har bidragit till att st\u00e4rka b\u00e5de m\u00e5lgruppens tillg\u00e5ng till relevant information och civilsamh\u00e4llets f\u00f6ruts\u00e4ttningar att ge ett mer tr\u00e4ffs\u00e4kert st\u00f6d. <\/p>\n\n\n\n<p class=\"has-white-color has-text-color has-link-color wp-elements-b7d3b9762548da2ba6b1dd9dd862ff42\">X<\/p>\n\n\n\n<p>Projektet har ocks\u00e5 bidragit till \u00f6kad kunskap och st\u00e4rkt kompetens inom organisationen och dess n\u00e4tverk. Informationsmaterialet kommer att forts\u00e4tta anv\u00e4ndas, spridas och uppdateras i takt med f\u00f6r\u00e4ndringar i lagstiftning och m\u00e5lgruppens behov, vilket bidrar till l\u00e5ngsiktig nytta och fortsatt st\u00f6d till en s\u00e4rskilt utsatt grupp.<\/p>\n\n\n\n<p class=\"has-white-color has-text-color has-link-color wp-elements-b7d3b9762548da2ba6b1dd9dd862ff42\">X<\/p>\n\n\n\n<p><em><em>Ans\u00f6knings\u00e5r 2024 \u2013 Tema: H\u00e4lsa och r\u00e4ttigheter \u2013 HBTQI<\/em><\/em><\/p>\n\n\n\n<p><em>Bidrag: 135 000 (SEK)<\/em><\/p>\n\n\n\n<p><\/p>\n","protected":false},"excerpt":{"rendered":"<p>X Projektet \u201cUtsatt eller Insatt?\u201d, som beviljades st\u00f6d under 2024, genomf\u00f6rdes av FARR (Flyktinggruppernas riksr\u00e5d) under 2024-2025. Syftet har varit att st\u00e4rka tillg\u00e5ngen till tydlig, korrekt och&#8230;<\/p>\n","protected":false},"author":4,"featured_media":3293,"comment_status":"closed","ping_status":"open","sticky":false,"template":"","format":"standard","meta":{"_acf_changed":false,"_monsterinsights_skip_tracking":false,"_monsterinsights_sitenote_active":false,"_monsterinsights_sitenote_note":"","_monsterinsights_sitenote_category":0,"footnotes":""},"categories":[2],"tags":[],"class_list":["post-3291","post","type-post","status-publish","format-standard","has-post-thumbnail","hentry","category-okategoriserad"],"acf":[],"yoast_head":"<!-- This site is optimized with the Yoast SEO Premium plugin v27.4 (Yoast SEO v27.5) - https:\/\/yoast.com\/product\/yoast-seo-premium-wordpress\/ -->\n<title>FARR - Utsatt eller Insatt? - Rights Now Foundation<\/title>\n<meta name=\"robots\" content=\"index, follow, max-snippet:-1, max-image-preview:large, max-video-preview:-1\" \/>\n<link rel=\"canonical\" href=\"https:\/\/rightsnow.se\/sv\/farra-utsatt-eller-insatt\/\" \/>\n<meta property=\"og:locale\" content=\"sv_SE\" \/>\n<meta property=\"og:type\" content=\"article\" \/>\n<meta property=\"og:title\" content=\"FARR - Utsatt eller Insatt?\" \/>\n<meta property=\"og:description\" content=\"X Projektet \u201cUtsatt eller Insatt?\u201d, som beviljades st\u00f6d under 2024, genomf\u00f6rdes av FARR (Flyktinggruppernas riksr\u00e5d) under 2024-2025. Syftet har varit att st\u00e4rka tillg\u00e5ngen till tydlig, korrekt och...\" \/>\n<meta property=\"og:url\" content=\"https:\/\/rightsnow.se\/sv\/farra-utsatt-eller-insatt\/\" \/>\n<meta property=\"og:site_name\" content=\"Rights Now Foundation\" \/>\n<meta property=\"article:published_time\" content=\"2026-02-15T17:44:07+00:00\" \/>\n<meta property=\"article:modified_time\" content=\"2026-03-23T13:29:50+00:00\" \/>\n<meta property=\"og:image\" content=\"https:\/\/rightsnow.se\/wp-content\/uploads\/2026\/02\/1-2-819x1024.png\" \/>\n\t<meta property=\"og:image:width\" content=\"819\" \/>\n\t<meta property=\"og:image:height\" content=\"1024\" \/>\n\t<meta property=\"og:image:type\" content=\"image\/png\" \/>\n<meta name=\"author\" content=\"Evelina Lindkvist\" \/>\n<meta name=\"twitter:card\" content=\"summary_large_image\" \/>\n<meta name=\"twitter:label1\" content=\"Skriven av\" \/>\n\t<meta name=\"twitter:data1\" content=\"Evelina Lindkvist\" \/>\n\t<meta name=\"twitter:label2\" content=\"Ber\u00e4knad l\u00e4stid\" \/>\n\t<meta name=\"twitter:data2\" content=\"2 minuter\" \/>\n<script type=\"application\/ld+json\" class=\"yoast-schema-graph\">{\"@context\":\"https:\\\/\\\/schema.org\",\"@graph\":[{\"@type\":\"Article\",\"@id\":\"https:\\\/\\\/rightsnow.se\\\/sv\\\/farra-utsatt-eller-insatt\\\/#article\",\"isPartOf\":{\"@id\":\"https:\\\/\\\/rightsnow.se\\\/sv\\\/farra-utsatt-eller-insatt\\\/\"},\"author\":{\"name\":\"Evelina Lindkvist\",\"@id\":\"https:\\\/\\\/rightsnow.se\\\/sv\\\/#\\\/schema\\\/person\\\/cd4069237ba99b7e194205ff1be86d5f\"},\"headline\":\"FARR &#8211; Utsatt eller Insatt?\",\"datePublished\":\"2026-02-15T17:44:07+00:00\",\"dateModified\":\"2026-03-23T13:29:50+00:00\",\"mainEntityOfPage\":{\"@id\":\"https:\\\/\\\/rightsnow.se\\\/sv\\\/farra-utsatt-eller-insatt\\\/\"},\"wordCount\":249,\"publisher\":{\"@id\":\"https:\\\/\\\/rightsnow.se\\\/sv\\\/#organization\"},\"image\":{\"@id\":\"https:\\\/\\\/rightsnow.se\\\/sv\\\/farra-utsatt-eller-insatt\\\/#primaryimage\"},\"thumbnailUrl\":\"https:\\\/\\\/rightsnow.se\\\/wp-content\\\/uploads\\\/2026\\\/02\\\/1-2.png\",\"articleSection\":[\"Okategoriserad\"],\"inLanguage\":\"sv-SE\"},{\"@type\":\"WebPage\",\"@id\":\"https:\\\/\\\/rightsnow.se\\\/sv\\\/farra-utsatt-eller-insatt\\\/\",\"url\":\"https:\\\/\\\/rightsnow.se\\\/sv\\\/farra-utsatt-eller-insatt\\\/\",\"name\":\"FARR - Utsatt eller Insatt? - Rights Now Foundation\",\"isPartOf\":{\"@id\":\"https:\\\/\\\/rightsnow.se\\\/sv\\\/#website\"},\"primaryImageOfPage\":{\"@id\":\"https:\\\/\\\/rightsnow.se\\\/sv\\\/farra-utsatt-eller-insatt\\\/#primaryimage\"},\"image\":{\"@id\":\"https:\\\/\\\/rightsnow.se\\\/sv\\\/farra-utsatt-eller-insatt\\\/#primaryimage\"},\"thumbnailUrl\":\"https:\\\/\\\/rightsnow.se\\\/wp-content\\\/uploads\\\/2026\\\/02\\\/1-2.png\",\"datePublished\":\"2026-02-15T17:44:07+00:00\",\"dateModified\":\"2026-03-23T13:29:50+00:00\",\"breadcrumb\":{\"@id\":\"https:\\\/\\\/rightsnow.se\\\/sv\\\/farra-utsatt-eller-insatt\\\/#breadcrumb\"},\"inLanguage\":\"sv-SE\",\"potentialAction\":[{\"@type\":\"ReadAction\",\"target\":[\"https:\\\/\\\/rightsnow.se\\\/sv\\\/farra-utsatt-eller-insatt\\\/\"]}]},{\"@type\":\"ImageObject\",\"inLanguage\":\"sv-SE\",\"@id\":\"https:\\\/\\\/rightsnow.se\\\/sv\\\/farra-utsatt-eller-insatt\\\/#primaryimage\",\"url\":\"https:\\\/\\\/rightsnow.se\\\/wp-content\\\/uploads\\\/2026\\\/02\\\/1-2.png\",\"contentUrl\":\"https:\\\/\\\/rightsnow.se\\\/wp-content\\\/uploads\\\/2026\\\/02\\\/1-2.png\",\"width\":1080,\"height\":1350},{\"@type\":\"BreadcrumbList\",\"@id\":\"https:\\\/\\\/rightsnow.se\\\/sv\\\/farra-utsatt-eller-insatt\\\/#breadcrumb\",\"itemListElement\":[{\"@type\":\"ListItem\",\"position\":1,\"name\":\"Hem\",\"item\":\"https:\\\/\\\/rightsnow.se\\\/sv\\\/\"},{\"@type\":\"ListItem\",\"position\":2,\"name\":\"FARR &#8211; Utsatt eller Insatt?\"}]},{\"@type\":\"WebSite\",\"@id\":\"https:\\\/\\\/rightsnow.se\\\/sv\\\/#website\",\"url\":\"https:\\\/\\\/rightsnow.se\\\/sv\\\/\",\"name\":\"Rights Now Foundation\",\"description\":\"Improving lives of humans\",\"publisher\":{\"@id\":\"https:\\\/\\\/rightsnow.se\\\/sv\\\/#organization\"},\"potentialAction\":[{\"@type\":\"SearchAction\",\"target\":{\"@type\":\"EntryPoint\",\"urlTemplate\":\"https:\\\/\\\/rightsnow.se\\\/sv\\\/?s={search_term_string}\"},\"query-input\":{\"@type\":\"PropertyValueSpecification\",\"valueRequired\":true,\"valueName\":\"search_term_string\"}}],\"inLanguage\":\"sv-SE\"},{\"@type\":\"Organization\",\"@id\":\"https:\\\/\\\/rightsnow.se\\\/sv\\\/#organization\",\"name\":\"Rights Now Foundation\",\"url\":\"https:\\\/\\\/rightsnow.se\\\/sv\\\/\",\"logo\":{\"@type\":\"ImageObject\",\"inLanguage\":\"sv-SE\",\"@id\":\"https:\\\/\\\/rightsnow.se\\\/sv\\\/#\\\/schema\\\/logo\\\/image\\\/\",\"url\":\"https:\\\/\\\/rightsnow.se\\\/wp-content\\\/uploads\\\/2022\\\/10\\\/rightsnow-logotype.png\",\"contentUrl\":\"https:\\\/\\\/rightsnow.se\\\/wp-content\\\/uploads\\\/2022\\\/10\\\/rightsnow-logotype.png\",\"width\":1237,\"height\":572,\"caption\":\"Rights Now Foundation\"},\"image\":{\"@id\":\"https:\\\/\\\/rightsnow.se\\\/sv\\\/#\\\/schema\\\/logo\\\/image\\\/\"}},{\"@type\":\"Person\",\"@id\":\"https:\\\/\\\/rightsnow.se\\\/sv\\\/#\\\/schema\\\/person\\\/cd4069237ba99b7e194205ff1be86d5f\",\"name\":\"Evelina Lindkvist\",\"image\":{\"@type\":\"ImageObject\",\"inLanguage\":\"sv-SE\",\"@id\":\"https:\\\/\\\/secure.gravatar.com\\\/avatar\\\/dc8dc70610583de23633bd0ef67a219f8b458a8c648bbf0333f569ae9f198663?s=96&d=mm&r=g\",\"url\":\"https:\\\/\\\/secure.gravatar.com\\\/avatar\\\/dc8dc70610583de23633bd0ef67a219f8b458a8c648bbf0333f569ae9f198663?s=96&d=mm&r=g\",\"contentUrl\":\"https:\\\/\\\/secure.gravatar.com\\\/avatar\\\/dc8dc70610583de23633bd0ef67a219f8b458a8c648bbf0333f569ae9f198663?s=96&d=mm&r=g\",\"caption\":\"Evelina Lindkvist\"}}]}<\/script>\n<!-- \/ Yoast SEO Premium plugin. -->","yoast_head_json":{"title":"FARR - Utsatt eller Insatt? - Rights Now Foundation","robots":{"index":"index","follow":"follow","max-snippet":"max-snippet:-1","max-image-preview":"max-image-preview:large","max-video-preview":"max-video-preview:-1"},"canonical":"https:\/\/rightsnow.se\/sv\/farra-utsatt-eller-insatt\/","og_locale":"sv_SE","og_type":"article","og_title":"FARR - Utsatt eller Insatt?","og_description":"X Projektet \u201cUtsatt eller Insatt?\u201d, som beviljades st\u00f6d under 2024, genomf\u00f6rdes av FARR (Flyktinggruppernas riksr\u00e5d) under 2024-2025. Syftet har varit att st\u00e4rka tillg\u00e5ngen till tydlig, korrekt och...","og_url":"https:\/\/rightsnow.se\/sv\/farra-utsatt-eller-insatt\/","og_site_name":"Rights Now Foundation","article_published_time":"2026-02-15T17:44:07+00:00","article_modified_time":"2026-03-23T13:29:50+00:00","og_image":[{"width":819,"height":1024,"url":"https:\/\/rightsnow.se\/wp-content\/uploads\/2026\/02\/1-2-819x1024.png","type":"image\/png"}],"author":"Evelina Lindkvist","twitter_card":"summary_large_image","twitter_misc":{"Skriven av":"Evelina Lindkvist","Ber\u00e4knad l\u00e4stid":"2 minuter"},"schema":{"@context":"https:\/\/schema.org","@graph":[{"@type":"Article","@id":"https:\/\/rightsnow.se\/sv\/farra-utsatt-eller-insatt\/#article","isPartOf":{"@id":"https:\/\/rightsnow.se\/sv\/farra-utsatt-eller-insatt\/"},"author":{"name":"Evelina Lindkvist","@id":"https:\/\/rightsnow.se\/sv\/#\/schema\/person\/cd4069237ba99b7e194205ff1be86d5f"},"headline":"FARR &#8211; Utsatt eller Insatt?","datePublished":"2026-02-15T17:44:07+00:00","dateModified":"2026-03-23T13:29:50+00:00","mainEntityOfPage":{"@id":"https:\/\/rightsnow.se\/sv\/farra-utsatt-eller-insatt\/"},"wordCount":249,"publisher":{"@id":"https:\/\/rightsnow.se\/sv\/#organization"},"image":{"@id":"https:\/\/rightsnow.se\/sv\/farra-utsatt-eller-insatt\/#primaryimage"},"thumbnailUrl":"https:\/\/rightsnow.se\/wp-content\/uploads\/2026\/02\/1-2.png","articleSection":["Okategoriserad"],"inLanguage":"sv-SE"},{"@type":"WebPage","@id":"https:\/\/rightsnow.se\/sv\/farra-utsatt-eller-insatt\/","url":"https:\/\/rightsnow.se\/sv\/farra-utsatt-eller-insatt\/","name":"FARR - Utsatt eller Insatt? - Rights Now Foundation","isPartOf":{"@id":"https:\/\/rightsnow.se\/sv\/#website"},"primaryImageOfPage":{"@id":"https:\/\/rightsnow.se\/sv\/farra-utsatt-eller-insatt\/#primaryimage"},"image":{"@id":"https:\/\/rightsnow.se\/sv\/farra-utsatt-eller-insatt\/#primaryimage"},"thumbnailUrl":"https:\/\/rightsnow.se\/wp-content\/uploads\/2026\/02\/1-2.png","datePublished":"2026-02-15T17:44:07+00:00","dateModified":"2026-03-23T13:29:50+00:00","breadcrumb":{"@id":"https:\/\/rightsnow.se\/sv\/farra-utsatt-eller-insatt\/#breadcrumb"},"inLanguage":"sv-SE","potentialAction":[{"@type":"ReadAction","target":["https:\/\/rightsnow.se\/sv\/farra-utsatt-eller-insatt\/"]}]},{"@type":"ImageObject","inLanguage":"sv-SE","@id":"https:\/\/rightsnow.se\/sv\/farra-utsatt-eller-insatt\/#primaryimage","url":"https:\/\/rightsnow.se\/wp-content\/uploads\/2026\/02\/1-2.png","contentUrl":"https:\/\/rightsnow.se\/wp-content\/uploads\/2026\/02\/1-2.png","width":1080,"height":1350},{"@type":"BreadcrumbList","@id":"https:\/\/rightsnow.se\/sv\/farra-utsatt-eller-insatt\/#breadcrumb","itemListElement":[{"@type":"ListItem","position":1,"name":"Hem","item":"https:\/\/rightsnow.se\/sv\/"},{"@type":"ListItem","position":2,"name":"FARR &#8211; Utsatt eller Insatt?"}]},{"@type":"WebSite","@id":"https:\/\/rightsnow.se\/sv\/#website","url":"https:\/\/rightsnow.se\/sv\/","name":"Rights Now Foundation","description":"Improving lives of humans","publisher":{"@id":"https:\/\/rightsnow.se\/sv\/#organization"},"potentialAction":[{"@type":"SearchAction","target":{"@type":"EntryPoint","urlTemplate":"https:\/\/rightsnow.se\/sv\/?s={search_term_string}"},"query-input":{"@type":"PropertyValueSpecification","valueRequired":true,"valueName":"search_term_string"}}],"inLanguage":"sv-SE"},{"@type":"Organization","@id":"https:\/\/rightsnow.se\/sv\/#organization","name":"Rights Now Foundation","url":"https:\/\/rightsnow.se\/sv\/","logo":{"@type":"ImageObject","inLanguage":"sv-SE","@id":"https:\/\/rightsnow.se\/sv\/#\/schema\/logo\/image\/","url":"https:\/\/rightsnow.se\/wp-content\/uploads\/2022\/10\/rightsnow-logotype.png","contentUrl":"https:\/\/rightsnow.se\/wp-content\/uploads\/2022\/10\/rightsnow-logotype.png","width":1237,"height":572,"caption":"Rights Now Foundation"},"image":{"@id":"https:\/\/rightsnow.se\/sv\/#\/schema\/logo\/image\/"}},{"@type":"Person","@id":"https:\/\/rightsnow.se\/sv\/#\/schema\/person\/cd4069237ba99b7e194205ff1be86d5f","name":"Evelina Lindkvist","image":{"@type":"ImageObject","inLanguage":"sv-SE","@id":"https:\/\/secure.gravatar.com\/avatar\/dc8dc70610583de23633bd0ef67a219f8b458a8c648bbf0333f569ae9f198663?s=96&d=mm&r=g","url":"https:\/\/secure.gravatar.com\/avatar\/dc8dc70610583de23633bd0ef67a219f8b458a8c648bbf0333f569ae9f198663?s=96&d=mm&r=g","contentUrl":"https:\/\/secure.gravatar.com\/avatar\/dc8dc70610583de23633bd0ef67a219f8b458a8c648bbf0333f569ae9f198663?s=96&d=mm&r=g","caption":"Evelina Lindkvist"}}]}},"_links":{"self":[{"href":"https:\/\/rightsnow.se\/sv\/wp-json\/wp\/v2\/posts\/3291","targetHints":{"allow":["GET"]}}],"collection":[{"href":"https:\/\/rightsnow.se\/sv\/wp-json\/wp\/v2\/posts"}],"about":[{"href":"https:\/\/rightsnow.se\/sv\/wp-json\/wp\/v2\/types\/post"}],"author":[{"embeddable":true,"href":"https:\/\/rightsnow.se\/sv\/wp-json\/wp\/v2\/users\/4"}],"replies":[{"embeddable":true,"href":"https:\/\/rightsnow.se\/sv\/wp-json\/wp\/v2\/comments?post=3291"}],"version-history":[{"count":5,"href":"https:\/\/rightsnow.se\/sv\/wp-json\/wp\/v2\/posts\/3291\/revisions"}],"predecessor-version":[{"id":3440,"href":"https:\/\/rightsnow.se\/sv\/wp-json\/wp\/v2\/posts\/3291\/revisions\/3440"}],"wp:featuredmedia":[{"embeddable":true,"href":"https:\/\/rightsnow.se\/sv\/wp-json\/wp\/v2\/media\/3293"}],"wp:attachment":[{"href":"https:\/\/rightsnow.se\/sv\/wp-json\/wp\/v2\/media?parent=3291"}],"wp:term":[{"taxonomy":"category","embeddable":true,"href":"https:\/\/rightsnow.se\/sv\/wp-json\/wp\/v2\/categories?post=3291"},{"taxonomy":"post_tag","embeddable":true,"href":"https:\/\/rightsnow.se\/sv\/wp-json\/wp\/v2\/tags?post=3291"}],"curies":[{"name":"wp","href":"https:\/\/api.w.org\/{rel}","templated":true}]}}